{"id":12709,"date":"2026-09-01T09:52:36","date_gmt":"2026-09-01T07:52:36","guid":{"rendered":"https:\/\/upplandsbygd.se\/?p=12709"},"modified":"2026-09-01T09:52:36","modified_gmt":"2026-09-01T07:52:36","slug":"vikarierande-projektledare","status":"publish","type":"post","link":"https:\/\/upplandsbygd.se\/en\/vikarierande-projektledare\/","title":{"rendered":"Vikarierande Projektledare"},"content":{"rendered":"<div>\n<h1>Hello,<\/h1>\n<p>Jag heter Katrin och jag \u00e4r vikarierande projektledare inom insatsomr\u00e5det Lokal ekonomi och H\u00e5llbart entrepren\u00f6rskap.<\/p>\n<p class=\"isSelectedEnd\">Jag bor p\u00e5 en g\u00e5rd p\u00e5 H\u00e5lln\u00e4shalv\u00f6n i norra Uppland tillsammans med min sambo, v\u00e5ra tre s\u00f6ner, en pudel, tv\u00e5 katter och ett g\u00e4ng h\u00f6ns. P\u00e5 g\u00e5rden har vi ocks\u00e5 sedan i vintras startat upp en dikoproduktion med anguskvigor och en tjur \u2013 s\u00e5 f\u00f6rhoppningsvis \u00e4r de betydligt fler n\u00e4sta sommar!<\/p>\n<p class=\"isSelectedEnd\">Ut\u00f6ver g\u00e5rden driver vi f\u00f6retaget Kustvy \u2013 En Destination vid Havet, med fokus p\u00e5 bes\u00f6ksn\u00e4ring. Verksamheten omfattar bland annat semesterboenden, camping, st\u00e4llplatser, b\u00e5thamn, evenemang, naturupplevelser och en s\u00e4songsbutik i hamnen. Jag har tidigare arbetat med projektledning och \u00e4r utbildad inom aff\u00e4rsutveckling samt gles- och landsbygdsutveckling.<\/p>\n<p class=\"isSelectedEnd\">Nu ser jag verkligen fram emot att f\u00e5 vara en del av Upplandsbygd \u2013 att m\u00f6ta m\u00e4nniskor med id\u00e9er, engagemang och driv och att f\u00e5 bidra till initiativ som utvecklar och skapar liv p\u00e5 landsbygden.<\/p>\n<p>Det ska bli v\u00e4ldigt roligt att l\u00e4ra k\u00e4nna alla m\u00e4nniskor och f\u00f6retag som finns runt om i omr\u00e5det. Jag hoppas att vi tillsammans kan dela erfarenheter, tankar och id\u00e9er \u2013 och p\u00e5 s\u00e5 s\u00e4tt b\u00e5de utvecklas och bidra till att utveckla v\u00e5r landsbygd!<\/p>\n<\/div>\n<div><\/div>","protected":false},"excerpt":{"rendered":"<p>inom insatsomr\u00e5det Lokal ekonomi och H\u00e5llbart entrepren\u00f6rskap<\/p>","protected":false},"author":160,"featured_media":12659,"comment_status":"closed","ping_status":"closed","sticky":false,"template":"","format":"standard","meta":{"_acf_changed":false,"_et_pb_use_builder":"","_et_pb_old_content":"","_et_gb_content_width":"","footnotes":"","_links_to":"","_links_to_target":""},"categories":[1],"tags":[],"class_list":["post-12709","post","type-post","status-publish","format-standard","has-post-thumbnail","hentry","category-nyheter"],"acf":[],"yoast_head":"<!-- This site is optimized with the Yoast SEO plugin v28.2 - https:\/\/yoast.com\/product\/yoast-seo-wordpress\/ -->\n<title>Vikarierande Projektledare - Upplandsbygd<\/title>\n<meta name=\"robots\" content=\"index, follow, max-snippet:-1, max-image-preview:large, max-video-preview:-1\" \/>\n<link rel=\"canonical\" href=\"https:\/\/upplandsbygd.se\/en\/vikarierande-projektledare\/\" \/>\n<meta property=\"og:locale\" content=\"en_US\" \/>\n<meta property=\"og:type\" content=\"article\" \/>\n<meta property=\"og:title\" content=\"Vikarierande Projektledare - Upplandsbygd\" \/>\n<meta property=\"og:description\" content=\"inom insatsomr\u00e5det Lokal ekonomi och H\u00e5llbart entrepren\u00f6rskap\" \/>\n<meta property=\"og:url\" content=\"https:\/\/upplandsbygd.se\/en\/vikarierande-projektledare\/\" \/>\n<meta property=\"og:site_name\" content=\"Upplandsbygd\" \/>\n<meta property=\"article:published_time\" content=\"2026-09-01T07:52:36+00:00\" \/>\n<meta property=\"og:image\" content=\"https:\/\/upplandsbygd.se\/wp-content\/uploads\/sites\/12\/2023\/01\/Katrin-Palm.jpg\" \/>\n\t<meta property=\"og:image:width\" content=\"1072\" \/>\n\t<meta property=\"og:image:height\" content=\"892\" \/>\n\t<meta property=\"og:image:type\" content=\"image\/jpeg\" \/>\n<meta name=\"author\" content=\"katrinpalm\" \/>\n<meta name=\"twitter:card\" content=\"summary_large_image\" \/>\n<meta name=\"twitter:label1\" content=\"Written by\" \/>\n\t<meta name=\"twitter:data1\" content=\"katrinpalm\" \/>\n\t<meta name=\"twitter:label2\" content=\"Est. reading time\" \/>\n\t<meta name=\"twitter:data2\" content=\"2 minutes\" \/>\n<script type=\"application\/ld+json\" class=\"yoast-schema-graph\">{\"@context\":\"https:\\\/\\\/schema.org\",\"@graph\":[{\"@type\":\"Article\",\"@id\":\"https:\\\/\\\/upplandsbygd.se\\\/vikarierande-projektledare\\\/#article\",\"isPartOf\":{\"@id\":\"https:\\\/\\\/upplandsbygd.se\\\/vikarierande-projektledare\\\/\"},\"author\":{\"name\":\"katrinpalm\",\"@id\":\"https:\\\/\\\/upplandsbygd.se\\\/#\\\/schema\\\/person\\\/e6eec6758f71b2cac4bb67bb423b7e48\"},\"headline\":\"Vikarierande Projektledare\",\"datePublished\":\"2026-09-01T07:52:36+00:00\",\"mainEntityOfPage\":{\"@id\":\"https:\\\/\\\/upplandsbygd.se\\\/vikarierande-projektledare\\\/\"},\"wordCount\":224,\"image\":{\"@id\":\"https:\\\/\\\/upplandsbygd.se\\\/vikarierande-projektledare\\\/#primaryimage\"},\"thumbnailUrl\":\"https:\\\/\\\/upplandsbygd.se\\\/wp-content\\\/uploads\\\/sites\\\/12\\\/2023\\\/01\\\/Katrin-Palm.jpg\",\"articleSection\":[\"Nyheter\"],\"inLanguage\":\"en-US\"},{\"@type\":\"WebPage\",\"@id\":\"https:\\\/\\\/upplandsbygd.se\\\/vikarierande-projektledare\\\/\",\"url\":\"https:\\\/\\\/upplandsbygd.se\\\/vikarierande-projektledare\\\/\",\"name\":\"Vikarierande Projektledare - Upplandsbygd\",\"isPartOf\":{\"@id\":\"https:\\\/\\\/upplandsbygd.se\\\/#website\"},\"primaryImageOfPage\":{\"@id\":\"https:\\\/\\\/upplandsbygd.se\\\/vikarierande-projektledare\\\/#primaryimage\"},\"image\":{\"@id\":\"https:\\\/\\\/upplandsbygd.se\\\/vikarierande-projektledare\\\/#primaryimage\"},\"thumbnailUrl\":\"https:\\\/\\\/upplandsbygd.se\\\/wp-content\\\/uploads\\\/sites\\\/12\\\/2023\\\/01\\\/Katrin-Palm.jpg\",\"datePublished\":\"2026-09-01T07:52:36+00:00\",\"author\":{\"@id\":\"https:\\\/\\\/upplandsbygd.se\\\/#\\\/schema\\\/person\\\/e6eec6758f71b2cac4bb67bb423b7e48\"},\"breadcrumb\":{\"@id\":\"https:\\\/\\\/upplandsbygd.se\\\/vikarierande-projektledare\\\/#breadcrumb\"},\"inLanguage\":\"en-US\",\"potentialAction\":[{\"@type\":\"ReadAction\",\"target\":[\"https:\\\/\\\/upplandsbygd.se\\\/vikarierande-projektledare\\\/\"]}]},{\"@type\":\"ImageObject\",\"inLanguage\":\"en-US\",\"@id\":\"https:\\\/\\\/upplandsbygd.se\\\/vikarierande-projektledare\\\/#primaryimage\",\"url\":\"https:\\\/\\\/upplandsbygd.se\\\/wp-content\\\/uploads\\\/sites\\\/12\\\/2023\\\/01\\\/Katrin-Palm.jpg\",\"contentUrl\":\"https:\\\/\\\/upplandsbygd.se\\\/wp-content\\\/uploads\\\/sites\\\/12\\\/2023\\\/01\\\/Katrin-Palm.jpg\",\"width\":1072,\"height\":892},{\"@type\":\"BreadcrumbList\",\"@id\":\"https:\\\/\\\/upplandsbygd.se\\\/vikarierande-projektledare\\\/#breadcrumb\",\"itemListElement\":[{\"@type\":\"ListItem\",\"position\":1,\"name\":\"Hem\",\"item\":\"https:\\\/\\\/upplandsbygd.se\\\/\"},{\"@type\":\"ListItem\",\"position\":2,\"name\":\"Vikarierande Projektledare\"}]},{\"@type\":\"WebSite\",\"@id\":\"https:\\\/\\\/upplandsbygd.se\\\/#website\",\"url\":\"https:\\\/\\\/upplandsbygd.se\\\/\",\"name\":\"Upplandsbygd\",\"description\":\"Lokalt Ledd Utveckling\",\"potentialAction\":[{\"@type\":\"SearchAction\",\"target\":{\"@type\":\"EntryPoint\",\"urlTemplate\":\"https:\\\/\\\/upplandsbygd.se\\\/?s={search_term_string}\"},\"query-input\":{\"@type\":\"PropertyValueSpecification\",\"valueRequired\":true,\"valueName\":\"search_term_string\"}}],\"inLanguage\":\"en-US\"},{\"@type\":\"Person\",\"@id\":\"https:\\\/\\\/upplandsbygd.se\\\/#\\\/schema\\\/person\\\/e6eec6758f71b2cac4bb67bb423b7e48\",\"name\":\"katrinpalm\",\"image\":{\"@type\":\"ImageObject\",\"inLanguage\":\"en-US\",\"@id\":\"https:\\\/\\\/secure.gravatar.com\\\/avatar\\\/65e62c6bbd0154e2ccb0e7c9b6889ec1708a5a0e82d8f7b8b0df6473b0b2cd28?s=96&d=mm&r=g\",\"url\":\"https:\\\/\\\/secure.gravatar.com\\\/avatar\\\/65e62c6bbd0154e2ccb0e7c9b6889ec1708a5a0e82d8f7b8b0df6473b0b2cd28?s=96&d=mm&r=g\",\"contentUrl\":\"https:\\\/\\\/secure.gravatar.com\\\/avatar\\\/65e62c6bbd0154e2ccb0e7c9b6889ec1708a5a0e82d8f7b8b0df6473b0b2cd28?s=96&d=mm&r=g\",\"caption\":\"katrinpalm\"}}]}<\/script>\n<!-- \/ Yoast SEO plugin. -->","yoast_head_json":{"title":"Vikarierande Projektledare - Upplandsbygd","robots":{"index":"index","follow":"follow","max-snippet":"max-snippet:-1","max-image-preview":"max-image-preview:large","max-video-preview":"max-video-preview:-1"},"canonical":"https:\/\/upplandsbygd.se\/en\/vikarierande-projektledare\/","og_locale":"en_US","og_type":"article","og_title":"Vikarierande Projektledare - Upplandsbygd","og_description":"inom insatsomr\u00e5det Lokal ekonomi och H\u00e5llbart entrepren\u00f6rskap","og_url":"https:\/\/upplandsbygd.se\/en\/vikarierande-projektledare\/","og_site_name":"Upplandsbygd","article_published_time":"2026-09-01T07:52:36+00:00","og_image":[{"width":1072,"height":892,"url":"https:\/\/upplandsbygd.se\/wp-content\/uploads\/sites\/12\/2023\/01\/Katrin-Palm.jpg","type":"image\/jpeg"}],"author":"katrinpalm","twitter_card":"summary_large_image","twitter_misc":{"Written by":"katrinpalm","Est. reading time":"2 minutes"},"schema":{"@context":"https:\/\/schema.org","@graph":[{"@type":"Article","@id":"https:\/\/upplandsbygd.se\/vikarierande-projektledare\/#article","isPartOf":{"@id":"https:\/\/upplandsbygd.se\/vikarierande-projektledare\/"},"author":{"name":"katrinpalm","@id":"https:\/\/upplandsbygd.se\/#\/schema\/person\/e6eec6758f71b2cac4bb67bb423b7e48"},"headline":"Vikarierande Projektledare","datePublished":"2026-09-01T07:52:36+00:00","mainEntityOfPage":{"@id":"https:\/\/upplandsbygd.se\/vikarierande-projektledare\/"},"wordCount":224,"image":{"@id":"https:\/\/upplandsbygd.se\/vikarierande-projektledare\/#primaryimage"},"thumbnailUrl":"https:\/\/upplandsbygd.se\/wp-content\/uploads\/sites\/12\/2023\/01\/Katrin-Palm.jpg","articleSection":["Nyheter"],"inLanguage":"en-US"},{"@type":"WebPage","@id":"https:\/\/upplandsbygd.se\/vikarierande-projektledare\/","url":"https:\/\/upplandsbygd.se\/vikarierande-projektledare\/","name":"Vikarierande Projektledare - Upplandsbygd","isPartOf":{"@id":"https:\/\/upplandsbygd.se\/#website"},"primaryImageOfPage":{"@id":"https:\/\/upplandsbygd.se\/vikarierande-projektledare\/#primaryimage"},"image":{"@id":"https:\/\/upplandsbygd.se\/vikarierande-projektledare\/#primaryimage"},"thumbnailUrl":"https:\/\/upplandsbygd.se\/wp-content\/uploads\/sites\/12\/2023\/01\/Katrin-Palm.jpg","datePublished":"2026-09-01T07:52:36+00:00","author":{"@id":"https:\/\/upplandsbygd.se\/#\/schema\/person\/e6eec6758f71b2cac4bb67bb423b7e48"},"breadcrumb":{"@id":"https:\/\/upplandsbygd.se\/vikarierande-projektledare\/#breadcrumb"},"inLanguage":"en-US","potentialAction":[{"@type":"ReadAction","target":["https:\/\/upplandsbygd.se\/vikarierande-projektledare\/"]}]},{"@type":"ImageObject","inLanguage":"en-US","@id":"https:\/\/upplandsbygd.se\/vikarierande-projektledare\/#primaryimage","url":"https:\/\/upplandsbygd.se\/wp-content\/uploads\/sites\/12\/2023\/01\/Katrin-Palm.jpg","contentUrl":"https:\/\/upplandsbygd.se\/wp-content\/uploads\/sites\/12\/2023\/01\/Katrin-Palm.jpg","width":1072,"height":892},{"@type":"BreadcrumbList","@id":"https:\/\/upplandsbygd.se\/vikarierande-projektledare\/#breadcrumb","itemListElement":[{"@type":"ListItem","position":1,"name":"Hem","item":"https:\/\/upplandsbygd.se\/"},{"@type":"ListItem","position":2,"name":"Vikarierande Projektledare"}]},{"@type":"WebSite","@id":"https:\/\/upplandsbygd.se\/#website","url":"https:\/\/upplandsbygd.se\/","name":"Uppland region","description":"Locally Led Development","potentialAction":[{"@type":"SearchAction","target":{"@type":"EntryPoint","urlTemplate":"https:\/\/upplandsbygd.se\/?s={search_term_string}"},"query-input":{"@type":"PropertyValueSpecification","valueRequired":true,"valueName":"search_term_string"}}],"inLanguage":"en-US"},{"@type":"Person","@id":"https:\/\/upplandsbygd.se\/#\/schema\/person\/e6eec6758f71b2cac4bb67bb423b7e48","name":"katrinpalm","image":{"@type":"ImageObject","inLanguage":"en-US","@id":"https:\/\/secure.gravatar.com\/avatar\/65e62c6bbd0154e2ccb0e7c9b6889ec1708a5a0e82d8f7b8b0df6473b0b2cd28?s=96&d=mm&r=g","url":"https:\/\/secure.gravatar.com\/avatar\/65e62c6bbd0154e2ccb0e7c9b6889ec1708a5a0e82d8f7b8b0df6473b0b2cd28?s=96&d=mm&r=g","contentUrl":"https:\/\/secure.gravatar.com\/avatar\/65e62c6bbd0154e2ccb0e7c9b6889ec1708a5a0e82d8f7b8b0df6473b0b2cd28?s=96&d=mm&r=g","caption":"katrinpalm"}}]}},"_links":{"self":[{"href":"https:\/\/upplandsbygd.se\/en\/wp-json\/wp\/v2\/posts\/12709","targetHints":{"allow":["GET"]}}],"collection":[{"href":"https:\/\/upplandsbygd.se\/en\/wp-json\/wp\/v2\/posts"}],"about":[{"href":"https:\/\/upplandsbygd.se\/en\/wp-json\/wp\/v2\/types\/post"}],"author":[{"embeddable":true,"href":"https:\/\/upplandsbygd.se\/en\/wp-json\/wp\/v2\/users\/160"}],"replies":[{"embeddable":true,"href":"https:\/\/upplandsbygd.se\/en\/wp-json\/wp\/v2\/comments?post=12709"}],"version-history":[{"count":3,"href":"https:\/\/upplandsbygd.se\/en\/wp-json\/wp\/v2\/posts\/12709\/revisions"}],"predecessor-version":[{"id":12712,"href":"https:\/\/upplandsbygd.se\/en\/wp-json\/wp\/v2\/posts\/12709\/revisions\/12712"}],"wp:featuredmedia":[{"embeddable":true,"href":"https:\/\/upplandsbygd.se\/en\/wp-json\/wp\/v2\/media\/12659"}],"wp:attachment":[{"href":"https:\/\/upplandsbygd.se\/en\/wp-json\/wp\/v2\/media?parent=12709"}],"wp:term":[{"taxonomy":"category","embeddable":true,"href":"https:\/\/upplandsbygd.se\/en\/wp-json\/wp\/v2\/categories?post=12709"},{"taxonomy":"post_tag","embeddable":true,"href":"https:\/\/upplandsbygd.se\/en\/wp-json\/wp\/v2\/tags?post=12709"}],"curies":[{"name":"wp","href":"https:\/\/api.w.org\/{rel}","templated":true}]}}